{"id":272,"date":"2023-10-10T15:20:39","date_gmt":"2023-10-10T13:20:39","guid":{"rendered":"https:\/\/mdkbern.ch\/?p=272"},"modified":"2023-10-10T15:20:39","modified_gmt":"2023-10-10T13:20:39","slug":"platz-fuer-sorge-schaffen-warum-eine-care-revolution-noetig-ist","status":"publish","type":"post","link":"https:\/\/mdkbern.ch\/?p=272","title":{"rendered":"Platz f\u00fcr Sorge schaffen \u2013 Warum eine Care Revolution n\u00f6tig ist"},"content":{"rendered":"\n<p><em>Vortrag von Gabriele Winker, 2. November, 19.00 im Pavillon im Dazw\/schen, M\u00fchlemattstrasse 50, 3007 Bern. Die Veranstaltung ist auf Deutsch. \u00dcbersetzungen in andere Sprachen k\u00f6nnen unter mdk-bern@immerda.ch angefragt werden und wir versuchen eine zu organisieren. Der Raum ist rollstuhlg\u00e4ngig, eine rohlstuhlg\u00e4ngige Toilette ist vorhanden. Der Eintritt ist gratis, es gibt eine Kollekte zur Deckung der Unkosten.<\/em><\/p>\n\n\n\n<p>Viele Menschen geraten an die Grenzen ihrer Kr\u00e4fte, wenn sie versuchen, neben den hohen Anforderungen der Erwerbsarbeit gut f\u00fcr sich und andere zu sorgen. Was h\u00e4ufig als individuelles Versagen wahrgenommen wird, ist die Folge politischer und wirtschaftlicher Entscheidungen.<\/p>\n\n\n\n<p>Gabriele Winker pl\u00e4diert vor diesem Hintergrund f\u00fcr einen grundlegenden Perspektivenwechsel. In der Strategie der Care Revolution stehen nicht Profitmaximierung und Kostensenkung im Zentrum, sondern menschliche Bed\u00fcrfnisse, insbesondere die Sorge umeinander, sowie R\u00fccksicht auf die Belastbarkeit der \u00d6kosysteme. Care Revolution beschreibt Wege, um das Wachstum als Selbstzweck und die Erwerbszentrierung zu \u00fcberwinden.<\/p>\n\n\n\n<p><em>Zur Person:<\/em> Dr. Gabriele Winker ist Sozialwissenschaftlerin und Care-Aktivistin. Sie war bis 2019 Professorin f\u00fcr Arbeitswissenschaft und Gender Studies an der TU Hamburg, ist Mitbegr\u00fcnderin des Netzwerks Care Revolution und hat 2022 die Stiftung Care for Future gegr\u00fcndet. Ihr aktuellstes Buch tr\u00e4gt den Titel \u201eSolidarische Care-\u00d6konomie. Revolution\u00e4re Realpolitik f\u00fcr Care und Klima\u201c und ist im M\u00e4rz 2021 im transcript-Verlag erschienen.<\/p>\n\n\n\n<p><em>Kontakt:<\/em> www.mdkbern.ch, mdk-bern@immerda.ch, instagram: @mdk.bern<\/p>\n\n\n\n<figure class=\"wp-block-image size-full\"><img loading=\"lazy\" decoding=\"async\" width=\"650\" height=\"567\" src=\"https:\/\/mdkbern.ch\/wp-content\/uploads\/2023\/10\/logo-care-revolution.jpg\" alt=\"\" class=\"wp-image-273\" srcset=\"https:\/\/mdkbern.ch\/wp-content\/uploads\/2023\/10\/logo-care-revolution.jpg 650w, https:\/\/mdkbern.ch\/wp-content\/uploads\/2023\/10\/logo-care-revolution-300x262.jpg 300w\" sizes=\"auto, (max-width: 650px) 100vw, 650px\" \/><\/figure>\n","protected":false},"excerpt":{"rendered":"<p>Vortrag von Gabriele Winker, 2. November, 19.00 im Pavillon im Dazw\/schen, M\u00fchlemattstrasse 50, 3007 Bern. Die Veranstaltung ist auf Deutsch. \u00dcbersetzungen in andere Sprachen k\u00f6nnen unter mdk-bern@immerda.ch angefragt werden und wir versuchen eine zu organisieren. Der Raum ist rollstuhlg\u00e4ngig, eine rohlstuhlg\u00e4ngige Toilette ist vorhanden. Der Eintritt ist gratis, es gibt eine Kollekte zur Deckung der &hellip; <\/p>\n<p class=\"link-more\"><a href=\"https:\/\/mdkbern.ch\/?p=272\" class=\"more-link\"><span class=\"screen-reader-text\">\u201ePlatz f\u00fcr Sorge schaffen \u2013 Warum eine Care Revolution n\u00f6tig ist\u201c <\/span>weiterlesen<\/a><\/p>\n","protected":false},"author":1,"featured_media":0,"comment_status":"closed","ping_status":"open","sticky":false,"template":"","format":"standard","meta":{"footnotes":""},"categories":[1,2],"tags":[],"class_list":["post-272","post","type-post","status-publish","format-standard","hentry","category-museum","category-veranstaltungen"],"_links":{"self":[{"href":"https:\/\/mdkbern.ch\/index.php?rest_route=\/wp\/v2\/posts\/272","targetHints":{"allow":["GET"]}}],"collection":[{"href":"https:\/\/mdkbern.ch\/index.php?rest_route=\/wp\/v2\/posts"}],"about":[{"href":"https:\/\/mdkbern.ch\/index.php?rest_route=\/wp\/v2\/types\/post"}],"author":[{"embeddable":true,"href":"https:\/\/mdkbern.ch\/index.php?rest_route=\/wp\/v2\/users\/1"}],"replies":[{"embeddable":true,"href":"https:\/\/mdkbern.ch\/index.php?rest_route=%2Fwp%2Fv2%2Fcomments&post=272"}],"version-history":[{"count":1,"href":"https:\/\/mdkbern.ch\/index.php?rest_route=\/wp\/v2\/posts\/272\/revisions"}],"predecessor-version":[{"id":274,"href":"https:\/\/mdkbern.ch\/index.php?rest_route=\/wp\/v2\/posts\/272\/revisions\/274"}],"wp:attachment":[{"href":"https:\/\/mdkbern.ch\/index.php?rest_route=%2Fwp%2Fv2%2Fmedia&parent=272"}],"wp:term":[{"taxonomy":"category","embeddable":true,"href":"https:\/\/mdkbern.ch\/index.php?rest_route=%2Fwp%2Fv2%2Fcategories&post=272"},{"taxonomy":"post_tag","embeddable":true,"href":"https:\/\/mdkbern.ch\/index.php?rest_route=%2Fwp%2Fv2%2Ftags&post=272"}],"curies":[{"name":"wp","href":"https:\/\/api.w.org\/{rel}","templated":true}]}}